{"id":10691,"date":"2023-05-12T20:22:46","date_gmt":"2023-05-13T01:22:46","guid":{"rendered":"https:\/\/pazcondios.com\/?p=10691"},"modified":"2023-05-12T20:22:58","modified_gmt":"2023-05-13T01:22:58","slug":"que-puedes-hacer-cuando-no-sientes-capaz-un-taller-para-lideres-138","status":"publish","type":"post","link":"https:\/\/pazcondios.com\/?p=10691","title":{"rendered":"\u00bfQu\u00e9 puedes hacer cuando no sientes capaz? | Un Taller para L\u00edderes #138"},"content":{"rendered":"<div class=\"youtube\" data-embed=\"nWyUxH8DTl4\" data-alt=\"video thumbnail\" data-params=\"autoplay=0\">\n\t<div class=\"play\"><\/div>\n<\/div>\n<p>En este Taller para L\u00edderes, aprendemos lo que podemos hacer \u2014 en t\u00e9rminos pr\u00e1cticos \u2014 cuando no sentimos capaces de ejercer nuestro liderazgo.<\/p>\n<p>S\u00edganos en YouTube para ver nuevos videos de PazConDios:<\/p>\n<div class=\"g-ytsubscribe\" data-channelid=\"UCMPaf3L9StVNggFJD7O-KCw\" data-layout=\"default\" data-theme=\"dark\" data-count=\"default\"><\/div>\n<p>En Talleres para L\u00edderes en la Iglesia yo comparto ense\u00f1anzas b\u00edblicas a otros l\u00edderes que tienen preguntas, dudas, problemas o necesidades en su ministerio o liderazgo.<\/p>\n<p>Puedes enviarme tus preguntas a <a href=\"mailto:consejos@pazcondios.com\">consejos@pazcondios.com<\/a>.<\/p>\n<p>En este episodio de Talleres para L\u00edderes, ense\u00f1o el tema:  \u00bfQu\u00e9 puedes hacer cuando no sientes capaz?<\/p>\n<p>Env\u00edame tus consultas sobre tu ministerio, iglesia y liderazgo a: <a href=\"mailto:consejos@pazcondios.com\">consejos@pazcondios.com<\/a>. Describa la situaci\u00f3n en la cual te encuentras y lo que deseas lograr o el problema que te enfrenta. Env\u00edalo a: <a href=\"mailto:consejos@pazcondios.com\">consejos@pazcondios.com<\/a>, y yo har\u00e9 videos para dar consejos para tu situaci\u00f3n.<\/p>\n","protected":false},"excerpt":{"rendered":"<p>En este Taller para L\u00edderes, aprendemos lo que podemos hacer \u2014 en t\u00e9rminos pr\u00e1cticos \u2014 cuando no sentimos capaces de ejercer nuestro liderazgo. S\u00edganos en YouTube para ver nuevos videos de PazConDios: En Talleres para L\u00edderes en la Iglesia yo comparto ense\u00f1anzas b\u00edblicas a otros l\u00edderes que tienen preguntas, dudas, problemas o necesidades en su [&hellip;]<\/p>\n","protected":false},"author":1,"featured_media":0,"comment_status":"open","ping_status":"open","sticky":false,"template":"","format":"standard","meta":{"jetpack_post_was_ever_published":false,"_jetpack_newsletter_access":"","_jetpack_dont_email_post_to_subs":false,"_jetpack_newsletter_tier_id":0,"_jetpack_memberships_contains_paywalled_content":false,"_jetpack_memberships_contains_paid_content":false,"footnotes":"","jetpack_publicize_message":"","jetpack_publicize_feature_enabled":true,"jetpack_social_post_already_shared":true,"jetpack_social_options":{"image_generator_settings":{"template":"highway","enabled":false},"version":2}},"categories":[5,169],"tags":[],"class_list":{"0":"post-10691","1":"post","2":"type-post","3":"status-publish","4":"format-standard","6":"category-espanol","7":"category-consejos-para-lideres"},"jetpack_publicize_connections":[],"jetpack_featured_media_url":"","jetpack_sharing_enabled":true,"jetpack_shortlink":"https:\/\/wp.me\/p6g7I5-2Mr","_links":{"self":[{"href":"https:\/\/pazcondios.com\/index.php?rest_route=\/wp\/v2\/posts\/10691","targetHints":{"allow":["GET"]}}],"collection":[{"href":"https:\/\/pazcondios.com\/index.php?rest_route=\/wp\/v2\/posts"}],"about":[{"href":"https:\/\/pazcondios.com\/index.php?rest_route=\/wp\/v2\/types\/post"}],"author":[{"embeddable":true,"href":"https:\/\/pazcondios.com\/index.php?rest_route=\/wp\/v2\/users\/1"}],"replies":[{"embeddable":true,"href":"https:\/\/pazcondios.com\/index.php?rest_route=%2Fwp%2Fv2%2Fcomments&post=10691"}],"version-history":[{"count":1,"href":"https:\/\/pazcondios.com\/index.php?rest_route=\/wp\/v2\/posts\/10691\/revisions"}],"predecessor-version":[{"id":10692,"href":"https:\/\/pazcondios.com\/index.php?rest_route=\/wp\/v2\/posts\/10691\/revisions\/10692"}],"wp:attachment":[{"href":"https:\/\/pazcondios.com\/index.php?rest_route=%2Fwp%2Fv2%2Fmedia&parent=10691"}],"wp:term":[{"taxonomy":"category","embeddable":true,"href":"https:\/\/pazcondios.com\/index.php?rest_route=%2Fwp%2Fv2%2Fcategories&post=10691"},{"taxonomy":"post_tag","embeddable":true,"href":"https:\/\/pazcondios.com\/index.php?rest_route=%2Fwp%2Fv2%2Ftags&post=10691"}],"curies":[{"name":"wp","href":"https:\/\/api.w.org\/{rel}","templated":true}]}}