{"id":3146,"date":"2011-11-11T12:48:20","date_gmt":"2011-11-11T17:48:20","guid":{"rendered":"http:\/\/pazcondios.com\/?p=3146"},"modified":"2011-11-11T12:48:47","modified_gmt":"2011-11-11T17:48:47","slug":"oracion-y-el-lider","status":"publish","type":"post","link":"https:\/\/pazcondios.com\/?p=3146","title":{"rendered":"Oraci\u00f3n y el l\u00edder"},"content":{"rendered":"<p>\nEn este episodio de Mentor Virtual, hablamos de la oraci\u00f3n y el l\u00edder. Vemos que es f\u00e1cil convertir la oraci\u00f3n en un formalidad, y vemos tambi\u00e9n que la oraci\u00f3n deber\u00eda ser una parte grande e importante de nuestro trabajo como l\u00edderes.<br \/>\n<\/p>\n<h4>Audio<\/h4>\n<div class=\"wavesurfer-block wavesurfer-audio\"><div class=\"wavesurfer-player\" data-wave-color=\"#ad0000\" data-cursor-color=\"#333333\" data-progress-color=\"#178200\" data-height=\"35\" data-url=\"https:\/\/audio.pazcondios.com\/mentorvirtual7.mp3\"><\/div><div class=\"wavesurfer-progress\"><progress class=\"wavesurfer-loading\" value=\"0\" max=\"100\"><\/progress><\/div><div class=\"wavesurfer-buttons_set\"><button type=\"button\" class=\"wavesurfer-play\"><span>Play<\/span><\/button><button type=\"button\" class=\"wavesurfer-stop\"><span>Stop<\/span><\/button><div class=\"wavesurfer-time\"><\/div><div class=\"wavesurfer-duration\"><\/div><\/div><\/div>\n<h4>Video<\/h4>\n<p>\n<iframe loading=\"lazy\" src=\"http:\/\/player.vimeo.com\/video\/31959947\" width=\"480\" height=\"360\" frameborder=\"0\" webkitAllowFullScreen allowFullScreen><\/iframe><\/p>\n<h4>Bajar el audio<\/h4>\n<p><a target='_blank' href='https:\/\/audio.pazcondios.com\/mentorvirtual7.mp3'>Bajar Audio<\/a><\/p>\n<p>Subscr\u00edbete y te mandaremos un mensaje cuando publicamos un nuevo mensaje en Mentor Virtual:<\/p>\n<form action='https:\/\/madmimi.com\/signups\/subscribe\/39337' method='post'>\n<p><label for='signup_name'>Nombre:<\/label> <input id='signup_name' name='signup[name]' type='text' \/><\/p>\n<p><label for='signup_email'>Email:<\/label> <input id='signup_email' name='signup[email]' type='text' \/><\/p>\n<p><input name='commit' class='button' type='submit' value='Subscr\u00edbete' \/><\/p>\n<\/form>\n","protected":false},"excerpt":{"rendered":"<p>En este episodio de Mentor Virtual, hablamos de la oraci\u00f3n y el l\u00edder. Vemos que es f\u00e1cil convertir la oraci\u00f3n en un formalidad, y vemos tambi\u00e9n que la oraci\u00f3n deber\u00eda ser una parte grande e importante de nuestro trabajo como l\u00edderes. Audio Video Bajar el audio Bajar Audio Subscr\u00edbete y te mandaremos un mensaje cuando [&hellip;]<\/p>\n","protected":false},"author":1,"featured_media":0,"comment_status":"open","ping_status":"open","sticky":false,"template":"","format":"standard","meta":{"jetpack_post_was_ever_published":false,"_jetpack_newsletter_access":"","_jetpack_dont_email_post_to_subs":false,"_jetpack_newsletter_tier_id":0,"_jetpack_memberships_contains_paywalled_content":false,"_jetpack_memberships_contains_paid_content":false,"footnotes":"","jetpack_publicize_message":"","jetpack_publicize_feature_enabled":true,"jetpack_social_post_already_shared":false,"jetpack_social_options":{"image_generator_settings":{"template":"highway","enabled":false},"version":2}},"categories":[110],"tags":[],"class_list":{"0":"post-3146","1":"post","2":"type-post","3":"status-publish","4":"format-standard","6":"category-mentor"},"jetpack_publicize_connections":[],"jetpack_featured_media_url":"","jetpack_sharing_enabled":true,"jetpack_shortlink":"https:\/\/wp.me\/p6g7I5-OK","_links":{"self":[{"href":"https:\/\/pazcondios.com\/index.php?rest_route=\/wp\/v2\/posts\/3146","targetHints":{"allow":["GET"]}}],"collection":[{"href":"https:\/\/pazcondios.com\/index.php?rest_route=\/wp\/v2\/posts"}],"about":[{"href":"https:\/\/pazcondios.com\/index.php?rest_route=\/wp\/v2\/types\/post"}],"author":[{"embeddable":true,"href":"https:\/\/pazcondios.com\/index.php?rest_route=\/wp\/v2\/users\/1"}],"replies":[{"embeddable":true,"href":"https:\/\/pazcondios.com\/index.php?rest_route=%2Fwp%2Fv2%2Fcomments&post=3146"}],"version-history":[{"count":1,"href":"https:\/\/pazcondios.com\/index.php?rest_route=\/wp\/v2\/posts\/3146\/revisions"}],"predecessor-version":[{"id":3147,"href":"https:\/\/pazcondios.com\/index.php?rest_route=\/wp\/v2\/posts\/3146\/revisions\/3147"}],"wp:attachment":[{"href":"https:\/\/pazcondios.com\/index.php?rest_route=%2Fwp%2Fv2%2Fmedia&parent=3146"}],"wp:term":[{"taxonomy":"category","embeddable":true,"href":"https:\/\/pazcondios.com\/index.php?rest_route=%2Fwp%2Fv2%2Fcategories&post=3146"},{"taxonomy":"post_tag","embeddable":true,"href":"https:\/\/pazcondios.com\/index.php?rest_route=%2Fwp%2Fv2%2Ftags&post=3146"}],"curies":[{"name":"wp","href":"https:\/\/api.w.org\/{rel}","templated":true}]}}